{"id":569,"date":"2018-02-07T18:20:10","date_gmt":"2018-02-07T18:20:10","guid":{"rendered":"https:\/\/mgapress.com.br\/blog\/?p=569"},"modified":"2020-05-10T23:34:29","modified_gmt":"2020-05-10T23:34:29","slug":"como-alavancar-seu-negocio-com-assessoria-de-imprensa","status":"publish","type":"post","link":"https:\/\/mgapress.com.br\/blog\/como-alavancar-seu-negocio-com-assessoria-de-imprensa\/","title":{"rendered":"Como alavancar seu neg\u00f3cio com assessoria de imprensa?"},"content":{"rendered":"<p class=\"estimated-read-time\">Tempo de leitura:<small> 5 minutos<\/small><\/p> <p>Investir na imagem do seu neg\u00f3cio, proporcionando uma melhor comunica\u00e7\u00e3o com o seu p\u00fablico, \u00e9 uma forma de alavancar sua reputa\u00e7\u00e3o e vendas atrav\u00e9s da <a href=\"http:\/\/www.mgapress.com.br\">assessoria de imprensa<\/a>.<\/p>\n<p>Atrair o p\u00fablico consumidor, demostrar os pontos fortes do seu empreendimento e toda\u00a0 a qualidade daquilo que o seu neg\u00f3cio tem a oferecer \u00e9 fundamental para o desenvolvimento da sua empresa.<\/p>\n<p>Foi pensando nisso que surgiu o que chamamos de assessoria de imprensa, um setor respons\u00e1vel por comunicar e estretitar os la\u00e7os entre empresa e consumidor, de forma p\u00fablica e transparente.<\/p>\n<p>Se voc\u00ea ainda n\u00e3o conhece muito sobre a importante fun\u00e7\u00e3o da assessoria de imprensa, n\u00e3o deixe de conhecer mais atrav\u00e9s do nosso artigo.<\/p>\n<p>Contratar uma boa assessoria para o seu empreendimento pode te ajudar a compreender a import\u00e2ncia desse servi\u00e7o e como ele pode alavancar o seu neg\u00f3cio.<\/p>\n<p>&nbsp;<\/p>\n<h2>Conhecendo melhor o que faz a assessoria de imprensa<\/h2>\n<p>&nbsp;<\/p>\n<p>A vincula\u00e7\u00e3o de marcas com not\u00edcias, nem sempre verdadeiras, \u00e9 mais comum do que podemos imaginar. Para esclarecer essas e outras quest\u00f5es \u00e9 que uma empresa precisa dos servi\u00e7os de uma assessoria de imprensa.<\/p>\n<p>A assessoria \u00e9 respons\u00e1vel por cuidar da sua marca, ou seja, do nome da sua empresa no mercado, zelando para que ele esteja sempre vinculado a aspectos positivos e funcionais.<\/p>\n<p>A assessoria de imprensa \u00e9 respons\u00e1vel ainda por fortalecer o nome da sua empresa, fazendo com que ela se torne cada vez mais reconhecida.<\/p>\n<p>Esse fortalecimento \u00e9 muito importante para empresas que ainda est\u00e3o em fase de crescimento, especialmente porque ele \u00e9 capaz de criar opini\u00e3o sobre sua marca e interesse por consumi-la.<\/p>\n<p>Outro trabalho importante da assessoria \u00e9 ajudar a sua empresa a passar por momentos de crise, que podem ser bastante comuns quando o seu empreendimento come\u00e7a a crescer.<\/p>\n<p style=\"text-align: justify;\">Entre em <a href=\"https:\/\/mgapress.com.br\/fale-conosco\/\">contato<\/a> conosco e descubra o que podemos oferecer.<\/p>\n<p style=\"text-align: justify;\">\n<div class=\"wpcf7 no-js\" id=\"wpcf7-f787-o1\" lang=\"pt-BR\" dir=\"ltr\" data-wpcf7-id=\"787\">\n<div class=\"screen-reader-response\"><p role=\"status\" aria-live=\"polite\" aria-atomic=\"true\"><\/p> <ul><\/ul><\/div>\n<form action=\"\/blog\/wp-json\/wp\/v2\/posts\/569#wpcf7-f787-o1\" method=\"post\" class=\"wpcf7-form init\" aria-label=\"Formul\u00e1rios de contato\" novalidate=\"novalidate\" data-status=\"init\">\n<fieldset class=\"hidden-fields-container\"><input type=\"hidden\" name=\"_wpcf7\" value=\"787\" \/><input type=\"hidden\" name=\"_wpcf7_version\" value=\"6.1.5\" \/><input type=\"hidden\" name=\"_wpcf7_locale\" value=\"pt_BR\" \/><input type=\"hidden\" name=\"_wpcf7_unit_tag\" value=\"wpcf7-f787-o1\" \/><input type=\"hidden\" name=\"_wpcf7_container_post\" value=\"0\" \/><input type=\"hidden\" name=\"_wpcf7_posted_data_hash\" value=\"\" \/>\n<\/fieldset>\n<p>Entre em <a href=\"https:\/\/mgapress.com.br\/fale-conosco\/\" target=\"_blank\">contato<\/a> conosco e descubra o que podemos oferecer.\n<\/p>\n<p><span class=\"wpcf7-form-control-wrap\" data-name=\"your-name\"><input size=\"40\" maxlength=\"400\" class=\"wpcf7-form-control wpcf7-text wpcf7-validates-as-required\" aria-required=\"true\" aria-invalid=\"false\" placeholder=\"Qual seu nome completo?\" value=\"\" type=\"text\" name=\"your-name\" \/><\/span>\n<\/p>\n<p><span class=\"wpcf7-form-control-wrap\" data-name=\"your-email\"><input size=\"40\" maxlength=\"400\" class=\"wpcf7-form-control wpcf7-email wpcf7-validates-as-required wpcf7-text wpcf7-validates-as-email\" aria-required=\"true\" aria-invalid=\"false\" placeholder=\"Seu E-mail Corporativo:\" value=\"\" type=\"email\" name=\"your-email\" \/><\/span>\n<\/p>\n<p><span class=\"wpcf7-form-control-wrap\" data-name=\"Telefone\"><input size=\"40\" maxlength=\"400\" class=\"wpcf7-form-control wpcf7-tel wpcf7-text wpcf7-validates-as-tel\" aria-invalid=\"false\" placeholder=\"E o seu Telefone com DDD?\" value=\"\" type=\"tel\" name=\"Telefone\" \/><\/span>\n<\/p>\n<p><span class=\"wpcf7-form-control-wrap\" data-name=\"seguimento\"><input size=\"40\" maxlength=\"400\" class=\"wpcf7-form-control wpcf7-text\" aria-invalid=\"false\" placeholder=\"Segmento da Empresa:\" value=\"\" type=\"text\" name=\"seguimento\" \/><\/span>\n<\/p>\n<p><input class=\"wpcf7-form-control wpcf7-submit has-spinner\" type=\"submit\" value=\"ENTRAR EM CONTATO\" \/>\n<\/p><div class=\"wpcf7-response-output\" aria-hidden=\"true\"><\/div>\n<\/form>\n<\/div>\n<\/p>\n<p>Saber lidar da melhor maneira com a crise, oferecendo informa\u00e7\u00f5es e atendendo questionamentos, fortalece a sua empresa ap\u00f3s um momento desse. Por isso, \u00e9 muito importante contar com esse acompanhamento e somente um bom profissional pode te ajudar a passar por isso.<\/p>\n<p>Como voc\u00ea p\u00f4de perceber, a assessoria de imprensa nada mais \u00e9 do que uma ajuda especializada para que o seu empreendimento seja reconhecido pelo p\u00fablico e consiga transmitir a ele os seus ideais e objetivos da maneira mais clara poss\u00edvel.<\/p>\n<p>Agora que voc\u00ea j\u00e1 conhece melhor sobre o trabalho da assessoria de imprensa, saiba que investir nesse servi\u00e7o pode te ajudar a alavancar o seu neg\u00f3cio.<\/p>\n<p>Aprenda com as dicas a seguir como voc\u00ea pode, com a assessoria de impresa, obter melhores resultados para o seu neg\u00f3cio, alavancando o seu empreendimento.<\/p>\n<p>&nbsp;<\/p>\n<h3>Dicas para alavancar seu neg\u00f3cio com a assessoria de imprensa<\/h3>\n<p>&nbsp;<\/p>\n<p><img loading=\"lazy\" decoding=\"async\" class=\"size-medium wp-image-570\" src=\"https:\/\/mgapress.com.br\/blog\/wp-content\/uploads\/2018\/02\/aumento-300x300.jpg\" alt=\"\" width=\"300\" height=\"300\" srcset=\"https:\/\/mgapress.com.br\/blog\/wp-content\/uploads\/2018\/02\/aumento-300x300.jpg 300w, https:\/\/mgapress.com.br\/blog\/wp-content\/uploads\/2018\/02\/aumento-150x150.jpg 150w, https:\/\/mgapress.com.br\/blog\/wp-content\/uploads\/2018\/02\/aumento-768x768.jpg 768w, https:\/\/mgapress.com.br\/blog\/wp-content\/uploads\/2018\/02\/aumento-1024x1024.jpg 1024w, https:\/\/mgapress.com.br\/blog\/wp-content\/uploads\/2018\/02\/aumento.jpg 2048w\" sizes=\"auto, (max-width: 300px) 100vw, 300px\" \/><\/p>\n<p>O que todo empreendedor deseja \u00e9 que a sua empresa tenha uma boa comunica\u00e7\u00e3o com o p\u00fablico e que sua imagem seja uma refer\u00eancia no mercado.<\/p>\n<p>Pensando nisso, o servi\u00e7o de assessoria de imprensa \u00e9 um cuidado essencial \u00a0que voc\u00ea pode ter pelo seu empreendimento e que quando utilizado da maneira correta, pode alavancar o seu neg\u00f3cio.<\/p>\n<p>Conhe\u00e7a agora algumas dicas que podem te ajudar a fazer com que a sua empresa se desenvolva ainda mais com a assessoria de imprensa, proporcionando excelentes resultados para voc\u00ea.<\/p>\n<ul>\n<li><strong>Invista em um bom assessor de imprensa<\/strong><\/li>\n<\/ul>\n<p>A primeira dica para alavancar o seu neg\u00f3cio com a assessoria de imprensa \u00e9 investir significativamente nesse setor e entende-lo como um parceiro. Quanto melhor a sua assessoria e mais pr\u00f3ximo voc\u00eas estiverem na defini\u00e7\u00e3o das estrat\u00e9gicas, melhores ser\u00e3o os seus resultados. Por isso, vale a pena investir um pouco mais e esperar os resultados.<\/p>\n<ul>\n<li><strong>N\u00e3o tenha medo de expor suas fragilidades<\/strong><\/li>\n<\/ul>\n<p>Ao contratar uma assesoria de imprensa \u00e9 muito importante que voc\u00ea tenha seguran\u00e7a para expor todos os seus medos, fragilidades e tudo aquilo que voc\u00ea acredita que precisa ser melhorado dentro da sua empresa.<\/p>\n<p>Essa confian\u00e7a \u00e9 muito importante para que o seu assessor de imprensa possa estabelecer quais pontos precisam ser melhor trabalhados e assim tra\u00e7ar estrat\u00e9gias em conjunto.<\/p>\n<p>Por mais que possa parecer algo negativo expor as fragilidades da sua empresa, \u00e9 importante que voc\u00ea se lembre que esse \u00e9 justamente o profissional que ir\u00e1 transformar os seus pontos fracos em algo fortalecido, por isso, toda confian\u00e7a \u00e9 necess\u00e1ria.<\/p>\n<p>Busque uma empresa que possa prestar assessoria de imprensa para a sua e que voc\u00ea tenha confian\u00e7a no trabalho que ser\u00e1 desenvolvido.<\/p>\n<ul>\n<li><strong>Determine um objetivo juntamente com o seu assessor<\/strong><\/li>\n<\/ul>\n<p>O trabalho em conjunto de todos os setores da sua empresa juntamente com a assessoria de imprensa \u00e9 muito importante, visto que todos devem visar o mesmo objetivo.<\/p>\n<p><img loading=\"lazy\" decoding=\"async\" class=\" wp-image-527 aligncenter\" src=\"https:\/\/mgapress.com.br\/blog\/wp-content\/uploads\/2018\/01\/131-300x200.jpg\" alt=\"como-divulgar-sua-empresa\" width=\"409\" height=\"273\" srcset=\"https:\/\/mgapress.com.br\/blog\/wp-content\/uploads\/2018\/01\/131-300x200.jpg 300w, https:\/\/mgapress.com.br\/blog\/wp-content\/uploads\/2018\/01\/131-768x512.jpg 768w, https:\/\/mgapress.com.br\/blog\/wp-content\/uploads\/2018\/01\/131-1024x683.jpg 1024w, https:\/\/mgapress.com.br\/blog\/wp-content\/uploads\/2018\/01\/131.jpg 2048w\" sizes=\"auto, (max-width: 409px) 100vw, 409px\" \/><\/p>\n<p>Por esse motivo, estabele\u00e7a juntamente com o seu assessor quais ser\u00e3o os objetivos tra\u00e7ados e volte todo o trabalho da sua empresa para atingir essa meta. O trabalho em conjunto \u00e9 muito importante para fortalecer a sua marca no mercado e envolver a equipe internamente para entendimento do trabalho.<\/p>\n<p>Essas foram algumas das dicas que podem ajudar voc\u00ea a alavancar o seu neg\u00f3cio juntamente com o trabalho da assessoria de imprensa. <a href=\"https:\/\/mgapress.com.br\/\">Invista nesse servi\u00e7o e comece logo a perceber as mudan\u00e7as na sua empresa<\/a>.<\/p>\n<p style=\"text-align: justify;\">Entre em <a href=\"https:\/\/mgapress.com.br\/fale-conosco\/\">contato<\/a> conosco e descubra o que podemos oferecer.<\/p>\n<p style=\"text-align: justify;\">\n<div class=\"wpcf7 no-js\" id=\"wpcf7-f787-o2\" lang=\"pt-BR\" dir=\"ltr\" data-wpcf7-id=\"787\">\n<div class=\"screen-reader-response\"><p role=\"status\" aria-live=\"polite\" aria-atomic=\"true\"><\/p> <ul><\/ul><\/div>\n<form action=\"\/blog\/wp-json\/wp\/v2\/posts\/569#wpcf7-f787-o2\" method=\"post\" class=\"wpcf7-form init\" aria-label=\"Formul\u00e1rios de contato\" novalidate=\"novalidate\" data-status=\"init\">\n<fieldset class=\"hidden-fields-container\"><input type=\"hidden\" name=\"_wpcf7\" value=\"787\" \/><input type=\"hidden\" name=\"_wpcf7_version\" value=\"6.1.5\" \/><input type=\"hidden\" name=\"_wpcf7_locale\" value=\"pt_BR\" \/><input type=\"hidden\" name=\"_wpcf7_unit_tag\" value=\"wpcf7-f787-o2\" \/><input type=\"hidden\" name=\"_wpcf7_container_post\" value=\"0\" \/><input type=\"hidden\" name=\"_wpcf7_posted_data_hash\" value=\"\" \/>\n<\/fieldset>\n<p>Entre em <a href=\"https:\/\/mgapress.com.br\/fale-conosco\/\" target=\"_blank\">contato<\/a> conosco e descubra o que podemos oferecer.\n<\/p>\n<p><span class=\"wpcf7-form-control-wrap\" data-name=\"your-name\"><input size=\"40\" maxlength=\"400\" class=\"wpcf7-form-control wpcf7-text wpcf7-validates-as-required\" aria-required=\"true\" aria-invalid=\"false\" placeholder=\"Qual seu nome completo?\" value=\"\" type=\"text\" name=\"your-name\" \/><\/span>\n<\/p>\n<p><span class=\"wpcf7-form-control-wrap\" data-name=\"your-email\"><input size=\"40\" maxlength=\"400\" class=\"wpcf7-form-control wpcf7-email wpcf7-validates-as-required wpcf7-text wpcf7-validates-as-email\" aria-required=\"true\" aria-invalid=\"false\" placeholder=\"Seu E-mail Corporativo:\" value=\"\" type=\"email\" name=\"your-email\" \/><\/span>\n<\/p>\n<p><span class=\"wpcf7-form-control-wrap\" data-name=\"Telefone\"><input size=\"40\" maxlength=\"400\" class=\"wpcf7-form-control wpcf7-tel wpcf7-text wpcf7-validates-as-tel\" aria-invalid=\"false\" placeholder=\"E o seu Telefone com DDD?\" value=\"\" type=\"tel\" name=\"Telefone\" \/><\/span>\n<\/p>\n<p><span class=\"wpcf7-form-control-wrap\" data-name=\"seguimento\"><input size=\"40\" maxlength=\"400\" class=\"wpcf7-form-control wpcf7-text\" aria-invalid=\"false\" placeholder=\"Segmento da Empresa:\" value=\"\" type=\"text\" name=\"seguimento\" \/><\/span>\n<\/p>\n<p><input class=\"wpcf7-form-control wpcf7-submit has-spinner\" type=\"submit\" value=\"ENTRAR EM CONTATO\" \/>\n<\/p><div class=\"wpcf7-response-output\" aria-hidden=\"true\"><\/div>\n<\/form>\n<\/div>\n<\/p>\n\n<div class=\"wpcf7 no-js\" id=\"wpcf7-f787-o3\" lang=\"pt-BR\" dir=\"ltr\" data-wpcf7-id=\"787\">\n<div class=\"screen-reader-response\"><p role=\"status\" aria-live=\"polite\" aria-atomic=\"true\"><\/p> <ul><\/ul><\/div>\n<form action=\"\/blog\/wp-json\/wp\/v2\/posts\/569#wpcf7-f787-o3\" method=\"post\" class=\"wpcf7-form init\" aria-label=\"Formul\u00e1rios de contato\" novalidate=\"novalidate\" data-status=\"init\">\n<fieldset class=\"hidden-fields-container\"><input type=\"hidden\" name=\"_wpcf7\" value=\"787\" \/><input type=\"hidden\" name=\"_wpcf7_version\" value=\"6.1.5\" \/><input type=\"hidden\" name=\"_wpcf7_locale\" value=\"pt_BR\" \/><input type=\"hidden\" name=\"_wpcf7_unit_tag\" value=\"wpcf7-f787-o3\" \/><input type=\"hidden\" name=\"_wpcf7_container_post\" value=\"0\" \/><input type=\"hidden\" name=\"_wpcf7_posted_data_hash\" value=\"\" \/>\n<\/fieldset>\n<p>Entre em <a href=\"https:\/\/mgapress.com.br\/fale-conosco\/\" target=\"_blank\">contato<\/a> conosco e descubra o que podemos oferecer.\n<\/p>\n<p><span class=\"wpcf7-form-control-wrap\" data-name=\"your-name\"><input size=\"40\" maxlength=\"400\" class=\"wpcf7-form-control wpcf7-text wpcf7-validates-as-required\" aria-required=\"true\" aria-invalid=\"false\" placeholder=\"Qual seu nome completo?\" value=\"\" type=\"text\" name=\"your-name\" \/><\/span>\n<\/p>\n<p><span class=\"wpcf7-form-control-wrap\" data-name=\"your-email\"><input size=\"40\" maxlength=\"400\" class=\"wpcf7-form-control wpcf7-email wpcf7-validates-as-required wpcf7-text wpcf7-validates-as-email\" aria-required=\"true\" aria-invalid=\"false\" placeholder=\"Seu E-mail Corporativo:\" value=\"\" type=\"email\" name=\"your-email\" \/><\/span>\n<\/p>\n<p><span class=\"wpcf7-form-control-wrap\" data-name=\"Telefone\"><input size=\"40\" maxlength=\"400\" class=\"wpcf7-form-control wpcf7-tel wpcf7-text wpcf7-validates-as-tel\" aria-invalid=\"false\" placeholder=\"E o seu Telefone com DDD?\" value=\"\" type=\"tel\" name=\"Telefone\" \/><\/span>\n<\/p>\n<p><span class=\"wpcf7-form-control-wrap\" data-name=\"seguimento\"><input size=\"40\" maxlength=\"400\" class=\"wpcf7-form-control wpcf7-text\" aria-invalid=\"false\" placeholder=\"Segmento da Empresa:\" value=\"\" type=\"text\" name=\"seguimento\" \/><\/span>\n<\/p>\n<p><input class=\"wpcf7-form-control wpcf7-submit has-spinner\" type=\"submit\" value=\"ENTRAR EM CONTATO\" \/>\n<\/p><div class=\"wpcf7-response-output\" aria-hidden=\"true\"><\/div>\n<\/form>\n<\/div>\n","protected":false},"excerpt":{"rendered":"<p><small> 5 minutos<\/small> Investir na imagem do seu neg\u00f3cio, proporcionando uma melhor comunica\u00e7\u00e3o com o seu p\u00fablico, \u00e9 uma forma de alavancar sua reputa\u00e7\u00e3o e vendas atrav\u00e9s da assessoria de imprensa. Atrair o p\u00fablico consumidor, demostrar os pontos fortes do seu empreendimento e toda\u00a0 a qualidade daquilo que o seu neg\u00f3cio tem a oferecer \u00e9 fundamental para o desenvolvimento da sua empresa. Foi pensando nisso que surgiu o que chamamos de assessoria de imprensa, um setor respons\u00e1vel por comunicar e estretitar os la\u00e7os entre empresa <a href=\"https:\/\/mgapress.com.br\/blog\/como-alavancar-seu-negocio-com-assessoria-de-imprensa\/\" class=\"more-link\"><span>Continue lendo<\/span>\u2192<\/a><\/p>\n","protected":false},"author":2,"featured_media":570,"comment_status":"closed","ping_status":"closed","sticky":false,"template":"","format":"standard","meta":{"footnotes":""},"categories":[4,41,5,7],"tags":[29,37,77,78],"class_list":{"0":"entry","1":"post","2":"publish","3":"author-michel-acherboim","4":"post-569","6":"format-standard","7":"has-post-thumbnail","8":"category-assessoria","9":"category-comunicacao","10":"category-estrategias","11":"category-marketing-digital","12":"post_tag-assessor-de-imprensa","13":"post_tag-assessoria","14":"post_tag-vendas-com-assessoria","15":"post_tag-vender-mais"},"amp_enabled":true,"_links":{"self":[{"href":"https:\/\/mgapress.com.br\/blog\/wp-json\/wp\/v2\/posts\/569","targetHints":{"allow":["GET"]}}],"collection":[{"href":"https:\/\/mgapress.com.br\/blog\/wp-json\/wp\/v2\/posts"}],"about":[{"href":"https:\/\/mgapress.com.br\/blog\/wp-json\/wp\/v2\/types\/post"}],"author":[{"embeddable":true,"href":"https:\/\/mgapress.com.br\/blog\/wp-json\/wp\/v2\/users\/2"}],"replies":[{"embeddable":true,"href":"https:\/\/mgapress.com.br\/blog\/wp-json\/wp\/v2\/comments?post=569"}],"version-history":[{"count":0,"href":"https:\/\/mgapress.com.br\/blog\/wp-json\/wp\/v2\/posts\/569\/revisions"}],"wp:featuredmedia":[{"embeddable":true,"href":"https:\/\/mgapress.com.br\/blog\/wp-json\/wp\/v2\/media\/570"}],"wp:attachment":[{"href":"https:\/\/mgapress.com.br\/blog\/wp-json\/wp\/v2\/media?parent=569"}],"wp:term":[{"taxonomy":"category","embeddable":true,"href":"https:\/\/mgapress.com.br\/blog\/wp-json\/wp\/v2\/categories?post=569"},{"taxonomy":"post_tag","embeddable":true,"href":"https:\/\/mgapress.com.br\/blog\/wp-json\/wp\/v2\/tags?post=569"}],"curies":[{"name":"wp","href":"https:\/\/api.w.org\/{rel}","templated":true}]}}