{"id":1890,"date":"2025-10-29T14:51:09","date_gmt":"2025-10-29T14:51:09","guid":{"rendered":"https:\/\/mgapress.com.br\/blog\/?p=1890"},"modified":"2025-10-23T14:51:49","modified_gmt":"2025-10-23T14:51:49","slug":"tendencias-em-assessoria-de-imprensa-para-2025-2026-ia-dados-e-comunicacao-integrada","status":"publish","type":"post","link":"https:\/\/mgapress.com.br\/blog\/tendencias-em-assessoria-de-imprensa-para-2025-2026-ia-dados-e-comunicacao-integrada\/","title":{"rendered":"Tend\u00eancias em assessoria de imprensa para 2025-2026: IA, dados e comunica\u00e7\u00e3o integrada"},"content":{"rendered":"<p class=\"estimated-read-time\">Tempo de leitura:<small> 1 minuto<\/small><\/p> <p data-start=\"4625\" data-end=\"4929\">O futuro da comunica\u00e7\u00e3o corporativa passa pela tecnologia, e a <a href=\"https:\/\/mgapress.com.br\/\">assessoria de imprensa<\/a> est\u00e1 se reinventando para acompanhar essa transforma\u00e7\u00e3o. Entre 2025 e 2026, as principais tend\u00eancias do setor envolvem intelig\u00eancia artificial, an\u00e1lise de dados e integra\u00e7\u00e3o total entre m\u00eddia tradicional e digital.<\/p>\n<p data-start=\"4931\" data-end=\"5215\">De acordo com um relat\u00f3rio da <em data-start=\"4961\" data-end=\"5008\">PwC Global Entertainment &amp; Media Outlook 2025<\/em>, 85% das empresas de comunica\u00e7\u00e3o j\u00e1 utilizam IA para an\u00e1lise de sentimentos e previs\u00e3o de crises. Isso representa uma mudan\u00e7a significativa na forma como assessores planejam e executam suas estrat\u00e9gias.<\/p>\n<p data-start=\"5217\" data-end=\"5405\">A intelig\u00eancia artificial ajuda a identificar temas em alta, monitorar men\u00e7\u00f5es \u00e0 marca e at\u00e9 prever pautas que podem impactar o cliente \u2014 tornando a assessoria mais proativa e estrat\u00e9gica.<\/p>\n<p data-start=\"5407\" data-end=\"5689\">Outra tend\u00eancia \u00e9 o uso de dados para mensurar resultados de maneira mais precisa. Ferramentas de clipping evolu\u00edram para sistemas anal\u00edticos que cruzam exposi\u00e7\u00e3o de marca, engajamento e percep\u00e7\u00e3o de valor. Isso permite mostrar o ROI da assessoria com base em indicadores concretos.<\/p>\n<p data-start=\"5691\" data-end=\"5907\">A comunica\u00e7\u00e3o integrada tamb\u00e9m ganha for\u00e7a. O assessor moderno atua em sinergia com equipes de marketing, branding e redes sociais, garantindo consist\u00eancia de discurso e amplifica\u00e7\u00e3o das mensagens em todos os canais.<\/p>\n<p data-start=\"5909\" data-end=\"6112\">Os porta-vozes corporativos tamb\u00e9m passar\u00e3o por um novo perfil de media training, com foco em comportamento digital, posicionamento de lideran\u00e7a e adapta\u00e7\u00e3o a entrevistas h\u00edbridas (presenciais e online).<\/p>\n<p data-start=\"6114\" data-end=\"6293\">Al\u00e9m disso, cresce a valoriza\u00e7\u00e3o de pautas sustent\u00e1veis, de diversidade e de impacto social, o que exige das assessorias sensibilidade e alinhamento com a agenda ESG das empresas.<\/p>\n<p data-start=\"6295\" data-end=\"6485\">Em s\u00edntese, a assessoria de imprensa do futuro ser\u00e1 mais tecnol\u00f3gica, mensur\u00e1vel e humana \u2014 unindo algoritmos e empatia para construir reputa\u00e7\u00f5es s\u00f3lidas em um mundo cada vez mais conectado.<\/p>\n\n<div class=\"wpcf7 no-js\" id=\"wpcf7-f787-o1\" lang=\"pt-BR\" dir=\"ltr\" data-wpcf7-id=\"787\">\n<div class=\"screen-reader-response\"><p role=\"status\" aria-live=\"polite\" aria-atomic=\"true\"><\/p> <ul><\/ul><\/div>\n<form action=\"\/blog\/wp-json\/wp\/v2\/posts\/1890#wpcf7-f787-o1\" method=\"post\" class=\"wpcf7-form init\" aria-label=\"Formul\u00e1rios de contato\" novalidate=\"novalidate\" data-status=\"init\">\n<fieldset class=\"hidden-fields-container\"><input type=\"hidden\" name=\"_wpcf7\" value=\"787\" \/><input type=\"hidden\" name=\"_wpcf7_version\" value=\"6.1.5\" \/><input type=\"hidden\" name=\"_wpcf7_locale\" value=\"pt_BR\" \/><input type=\"hidden\" name=\"_wpcf7_unit_tag\" value=\"wpcf7-f787-o1\" \/><input type=\"hidden\" name=\"_wpcf7_container_post\" value=\"0\" \/><input type=\"hidden\" name=\"_wpcf7_posted_data_hash\" value=\"\" \/>\n<\/fieldset>\n<p>Entre em <a href=\"https:\/\/mgapress.com.br\/fale-conosco\/\" target=\"_blank\">contato<\/a> conosco e descubra o que podemos oferecer.\n<\/p>\n<p><span class=\"wpcf7-form-control-wrap\" data-name=\"your-name\"><input size=\"40\" maxlength=\"400\" class=\"wpcf7-form-control wpcf7-text wpcf7-validates-as-required\" aria-required=\"true\" aria-invalid=\"false\" placeholder=\"Qual seu nome completo?\" value=\"\" type=\"text\" name=\"your-name\" \/><\/span>\n<\/p>\n<p><span class=\"wpcf7-form-control-wrap\" data-name=\"your-email\"><input size=\"40\" maxlength=\"400\" class=\"wpcf7-form-control wpcf7-email wpcf7-validates-as-required wpcf7-text wpcf7-validates-as-email\" aria-required=\"true\" aria-invalid=\"false\" placeholder=\"Seu E-mail Corporativo:\" value=\"\" type=\"email\" name=\"your-email\" \/><\/span>\n<\/p>\n<p><span class=\"wpcf7-form-control-wrap\" data-name=\"Telefone\"><input size=\"40\" maxlength=\"400\" class=\"wpcf7-form-control wpcf7-tel wpcf7-text wpcf7-validates-as-tel\" aria-invalid=\"false\" placeholder=\"E o seu Telefone com DDD?\" value=\"\" type=\"tel\" name=\"Telefone\" \/><\/span>\n<\/p>\n<p><span class=\"wpcf7-form-control-wrap\" data-name=\"seguimento\"><input size=\"40\" maxlength=\"400\" class=\"wpcf7-form-control wpcf7-text\" aria-invalid=\"false\" placeholder=\"Segmento da Empresa:\" value=\"\" type=\"text\" name=\"seguimento\" \/><\/span>\n<\/p>\n<p><input class=\"wpcf7-form-control wpcf7-submit has-spinner\" type=\"submit\" value=\"ENTRAR EM CONTATO\" \/>\n<\/p><div class=\"wpcf7-response-output\" aria-hidden=\"true\"><\/div>\n<\/form>\n<\/div>\n","protected":false},"excerpt":{"rendered":"<p><small> 1 minuto<\/small> O futuro da comunica\u00e7\u00e3o corporativa passa pela tecnologia, e a assessoria de imprensa est\u00e1 se reinventando para acompanhar essa transforma\u00e7\u00e3o. Entre 2025 e 2026, as principais tend\u00eancias do setor envolvem intelig\u00eancia artificial, an\u00e1lise de dados e integra\u00e7\u00e3o total entre m\u00eddia tradicional e digital. De acordo com um relat\u00f3rio da PwC Global Entertainment &amp; Media Outlook 2025, 85% das empresas de comunica\u00e7\u00e3o j\u00e1 utilizam IA para an\u00e1lise de sentimentos e previs\u00e3o de crises. Isso representa uma mudan\u00e7a significativa na forma como assessores planejam <a href=\"https:\/\/mgapress.com.br\/blog\/tendencias-em-assessoria-de-imprensa-para-2025-2026-ia-dados-e-comunicacao-integrada\/\" class=\"more-link\"><span>Continue lendo<\/span>\u2192<\/a><\/p>\n","protected":false},"author":2,"featured_media":1824,"comment_status":"closed","ping_status":"closed","sticky":false,"template":"","format":"standard","meta":{"footnotes":""},"categories":[4],"tags":[],"class_list":{"0":"entry","1":"post","2":"publish","3":"author-michel-acherboim","4":"post-1890","6":"format-standard","7":"has-post-thumbnail","8":"category-assessoria"},"amp_enabled":true,"_links":{"self":[{"href":"https:\/\/mgapress.com.br\/blog\/wp-json\/wp\/v2\/posts\/1890","targetHints":{"allow":["GET"]}}],"collection":[{"href":"https:\/\/mgapress.com.br\/blog\/wp-json\/wp\/v2\/posts"}],"about":[{"href":"https:\/\/mgapress.com.br\/blog\/wp-json\/wp\/v2\/types\/post"}],"author":[{"embeddable":true,"href":"https:\/\/mgapress.com.br\/blog\/wp-json\/wp\/v2\/users\/2"}],"replies":[{"embeddable":true,"href":"https:\/\/mgapress.com.br\/blog\/wp-json\/wp\/v2\/comments?post=1890"}],"version-history":[{"count":1,"href":"https:\/\/mgapress.com.br\/blog\/wp-json\/wp\/v2\/posts\/1890\/revisions"}],"predecessor-version":[{"id":1891,"href":"https:\/\/mgapress.com.br\/blog\/wp-json\/wp\/v2\/posts\/1890\/revisions\/1891"}],"wp:featuredmedia":[{"embeddable":true,"href":"https:\/\/mgapress.com.br\/blog\/wp-json\/wp\/v2\/media\/1824"}],"wp:attachment":[{"href":"https:\/\/mgapress.com.br\/blog\/wp-json\/wp\/v2\/media?parent=1890"}],"wp:term":[{"taxonomy":"category","embeddable":true,"href":"https:\/\/mgapress.com.br\/blog\/wp-json\/wp\/v2\/categories?post=1890"},{"taxonomy":"post_tag","embeddable":true,"href":"https:\/\/mgapress.com.br\/blog\/wp-json\/wp\/v2\/tags?post=1890"}],"curies":[{"name":"wp","href":"https:\/\/api.w.org\/{rel}","templated":true}]}}