{"id":1855,"date":"2025-07-15T00:47:26","date_gmt":"2025-07-15T00:47:26","guid":{"rendered":"https:\/\/mgapress.com.br\/blog\/?p=1855"},"modified":"2025-07-15T00:47:26","modified_gmt":"2025-07-15T00:47:26","slug":"bartholomeu-vira-assessor-de-imprensa-em-vale-tudo-e-levanta-a-pergunta-o-que-faz-esse-profissional-afinal","status":"publish","type":"post","link":"https:\/\/mgapress.com.br\/blog\/bartholomeu-vira-assessor-de-imprensa-em-vale-tudo-e-levanta-a-pergunta-o-que-faz-esse-profissional-afinal\/","title":{"rendered":"Bartholomeu vira assessor de imprensa em Vale tudo \u2014 e levanta a pergunta: o que faz esse profissional, afinal?"},"content":{"rendered":"<p class=\"estimated-read-time\">Tempo de leitura:<small> 2 minutos<\/small><\/p> <p data-start=\"265\" data-end=\"494\"><em data-start=\"386\" data-end=\"494\">A profiss\u00e3o ganhou destaque na trama e representa uma das fun\u00e7\u00f5es mais estrat\u00e9gicas da comunica\u00e7\u00e3o moderna<\/em><\/p>\n<p data-start=\"496\" data-end=\"825\">Na novela das 9, a nomea\u00e7\u00e3o de um personagem para o cargo de assessor de imprensa de um restaurante chamou a aten\u00e7\u00e3o do p\u00fablico para uma fun\u00e7\u00e3o que, embora esteja nos bastidores, \u00e9 fundamental para o sucesso de qualquer neg\u00f3cio: a <a href=\"https:\/\/mgapress.com.br\/\">assessoria de imprensa<\/a>. Mas o que exatamente faz esse profissional e por que ele \u00e9 t\u00e3o importante?<\/p>\n<p data-start=\"827\" data-end=\"1266\">O assessor de imprensa \u00e9 o respons\u00e1vel por construir e manter uma imagem p\u00fablica positiva de empresas, institui\u00e7\u00f5es, personalidades ou projetos. Ele atua diretamente com jornalistas, editores e influenciadores, buscando inserir a marca ou o cliente em reportagens, entrevistas, colunas e mat\u00e9rias espont\u00e2neas \u2014 ou seja, sem pagar por publicidade. Trata-se de uma fun\u00e7\u00e3o estrat\u00e9gica que envolve conte\u00fado, relacionamento, timing e reputa\u00e7\u00e3o.<\/p>\n<p data-start=\"1268\" data-end=\"1574\">No caso de restaurantes, por exemplo, o assessor pode divulgar novos card\u00e1pios, pr\u00eamios conquistados, participa\u00e7\u00f5es dos chefs em programas de TV, eventos gastron\u00f4micos ou a\u00e7\u00f5es sociais. A ideia \u00e9 transformar informa\u00e7\u00f5es internas em hist\u00f3rias que interessem \u00e0 imprensa e, por consequ\u00eancia, ao p\u00fablico final.<\/p>\n<p data-start=\"1576\" data-end=\"1637\">Entre as principais atividades do assessor de imprensa est\u00e3o:<\/p>\n<ul data-start=\"1639\" data-end=\"1946\">\n<li data-start=\"1639\" data-end=\"1690\">\n<p data-start=\"1641\" data-end=\"1690\">Reda\u00e7\u00e3o e envio de releases e notas \u00e0 imprensa;<\/p>\n<\/li>\n<li data-start=\"1691\" data-end=\"1743\">\n<p data-start=\"1693\" data-end=\"1743\">Sugest\u00e3o de pautas para ve\u00edculos de comunica\u00e7\u00e3o;<\/p>\n<\/li>\n<li data-start=\"1744\" data-end=\"1787\">\n<p data-start=\"1746\" data-end=\"1787\">Organiza\u00e7\u00e3o de entrevistas e coletivas;<\/p>\n<\/li>\n<li data-start=\"1788\" data-end=\"1840\">\n<p data-start=\"1790\" data-end=\"1840\">Acompanhamento de eventos com presen\u00e7a da m\u00eddia;<\/p>\n<\/li>\n<li data-start=\"1841\" data-end=\"1903\">\n<p data-start=\"1843\" data-end=\"1903\">Monitoramento do que est\u00e1 sendo publicado sobre o cliente;<\/p>\n<\/li>\n<li data-start=\"1904\" data-end=\"1946\">\n<p data-start=\"1906\" data-end=\"1946\">Gest\u00e3o de crise e controle de reputa\u00e7\u00e3o.<\/p>\n<\/li>\n<\/ul>\n<p data-start=\"1948\" data-end=\"2234\">O objetivo do trabalho \u00e9 gerar visibilidade espont\u00e2nea, atrair aten\u00e7\u00e3o positiva, aumentar a credibilidade e consolidar a marca no mercado. Em setores competitivos \u2014 como gastronomia, moda, tecnologia, varejo e entretenimento \u2014, essa exposi\u00e7\u00e3o pode fazer toda a diferen\u00e7a nos resultados.<\/p>\n<p data-start=\"2236\" data-end=\"2550\">Vale destacar que o assessor de imprensa n\u00e3o \u00e9 apenas um porta-voz ou algu\u00e9m que \u201cmanda e-mail para jornalistas\u201d. Ele \u00e9, na pr\u00e1tica, um estrategista da comunica\u00e7\u00e3o, que entende o que pode virar not\u00edcia, como adaptar a linguagem da empresa para a imprensa e qual o melhor momento para divulgar determinado conte\u00fado.<\/p>\n<p data-start=\"2552\" data-end=\"2854\">A apari\u00e7\u00e3o da profiss\u00e3o na novela ajuda a dar visibilidade a uma fun\u00e7\u00e3o muitas vezes invis\u00edvel, mas essencial. Por tr\u00e1s de cada mat\u00e9ria em um grande portal ou de uma entrevista em hor\u00e1rio nobre, h\u00e1 sempre um profissional de comunica\u00e7\u00e3o pensando em como \u2014 e por que \u2014 aquela hist\u00f3ria merece ser contada.<\/p>\n<p data-start=\"2856\" data-end=\"3153\">Na <strong data-start=\"2859\" data-end=\"2871\">MGAPress<\/strong>, esse trabalho \u00e9 levado a s\u00e9rio todos os dias. A ag\u00eancia atua conectando marcas e pessoas por meio de estrat\u00e9gias de imprensa personalizadas, pensadas para gerar relev\u00e2ncia, presen\u00e7a editorial e resultados reais. Porque toda boa hist\u00f3ria precisa ser bem contada \u2014 e bem comunicada.<\/p>\n\n<div class=\"wpcf7 no-js\" id=\"wpcf7-f787-o1\" lang=\"pt-BR\" dir=\"ltr\" data-wpcf7-id=\"787\">\n<div class=\"screen-reader-response\"><p role=\"status\" aria-live=\"polite\" aria-atomic=\"true\"><\/p> <ul><\/ul><\/div>\n<form action=\"\/blog\/wp-json\/wp\/v2\/posts\/1855#wpcf7-f787-o1\" method=\"post\" class=\"wpcf7-form init\" aria-label=\"Formul\u00e1rios de contato\" novalidate=\"novalidate\" data-status=\"init\">\n<fieldset class=\"hidden-fields-container\"><input type=\"hidden\" name=\"_wpcf7\" value=\"787\" \/><input type=\"hidden\" name=\"_wpcf7_version\" value=\"6.1.5\" \/><input type=\"hidden\" name=\"_wpcf7_locale\" value=\"pt_BR\" \/><input type=\"hidden\" name=\"_wpcf7_unit_tag\" value=\"wpcf7-f787-o1\" \/><input type=\"hidden\" name=\"_wpcf7_container_post\" value=\"0\" \/><input type=\"hidden\" name=\"_wpcf7_posted_data_hash\" value=\"\" \/>\n<\/fieldset>\n<p>Entre em <a href=\"https:\/\/mgapress.com.br\/fale-conosco\/\" target=\"_blank\">contato<\/a> conosco e descubra o que podemos oferecer.\n<\/p>\n<p><span class=\"wpcf7-form-control-wrap\" data-name=\"your-name\"><input size=\"40\" maxlength=\"400\" class=\"wpcf7-form-control wpcf7-text wpcf7-validates-as-required\" aria-required=\"true\" aria-invalid=\"false\" placeholder=\"Qual seu nome completo?\" value=\"\" type=\"text\" name=\"your-name\" \/><\/span>\n<\/p>\n<p><span class=\"wpcf7-form-control-wrap\" data-name=\"your-email\"><input size=\"40\" maxlength=\"400\" class=\"wpcf7-form-control wpcf7-email wpcf7-validates-as-required wpcf7-text wpcf7-validates-as-email\" aria-required=\"true\" aria-invalid=\"false\" placeholder=\"Seu E-mail Corporativo:\" value=\"\" type=\"email\" name=\"your-email\" \/><\/span>\n<\/p>\n<p><span class=\"wpcf7-form-control-wrap\" data-name=\"Telefone\"><input size=\"40\" maxlength=\"400\" class=\"wpcf7-form-control wpcf7-tel wpcf7-text wpcf7-validates-as-tel\" aria-invalid=\"false\" placeholder=\"E o seu Telefone com DDD?\" value=\"\" type=\"tel\" name=\"Telefone\" \/><\/span>\n<\/p>\n<p><span class=\"wpcf7-form-control-wrap\" data-name=\"seguimento\"><input size=\"40\" maxlength=\"400\" class=\"wpcf7-form-control wpcf7-text\" aria-invalid=\"false\" placeholder=\"Segmento da Empresa:\" value=\"\" type=\"text\" name=\"seguimento\" \/><\/span>\n<\/p>\n<p><input class=\"wpcf7-form-control wpcf7-submit has-spinner\" type=\"submit\" value=\"ENTRAR EM CONTATO\" \/>\n<\/p><div class=\"wpcf7-response-output\" aria-hidden=\"true\"><\/div>\n<\/form>\n<\/div>\n","protected":false},"excerpt":{"rendered":"<p><small> 2 minutos<\/small> A profiss\u00e3o ganhou destaque na trama e representa uma das fun\u00e7\u00f5es mais estrat\u00e9gicas da comunica\u00e7\u00e3o moderna Na novela das 9, a nomea\u00e7\u00e3o de um personagem para o cargo de assessor de imprensa de um restaurante chamou a aten\u00e7\u00e3o do p\u00fablico para uma fun\u00e7\u00e3o que, embora esteja nos bastidores, \u00e9 fundamental para o sucesso de qualquer neg\u00f3cio: a assessoria de imprensa. Mas o que exatamente faz esse profissional e por que ele \u00e9 t\u00e3o importante? O assessor de imprensa \u00e9 o respons\u00e1vel por <a href=\"https:\/\/mgapress.com.br\/blog\/bartholomeu-vira-assessor-de-imprensa-em-vale-tudo-e-levanta-a-pergunta-o-que-faz-esse-profissional-afinal\/\" class=\"more-link\"><span>Continue lendo<\/span>\u2192<\/a><\/p>\n","protected":false},"author":2,"featured_media":1856,"comment_status":"closed","ping_status":"closed","sticky":false,"template":"","format":"standard","meta":{"footnotes":""},"categories":[4],"tags":[],"class_list":{"0":"entry","1":"post","2":"publish","3":"author-michel-acherboim","4":"post-1855","6":"format-standard","7":"has-post-thumbnail","8":"category-assessoria"},"amp_enabled":true,"_links":{"self":[{"href":"https:\/\/mgapress.com.br\/blog\/wp-json\/wp\/v2\/posts\/1855","targetHints":{"allow":["GET"]}}],"collection":[{"href":"https:\/\/mgapress.com.br\/blog\/wp-json\/wp\/v2\/posts"}],"about":[{"href":"https:\/\/mgapress.com.br\/blog\/wp-json\/wp\/v2\/types\/post"}],"author":[{"embeddable":true,"href":"https:\/\/mgapress.com.br\/blog\/wp-json\/wp\/v2\/users\/2"}],"replies":[{"embeddable":true,"href":"https:\/\/mgapress.com.br\/blog\/wp-json\/wp\/v2\/comments?post=1855"}],"version-history":[{"count":1,"href":"https:\/\/mgapress.com.br\/blog\/wp-json\/wp\/v2\/posts\/1855\/revisions"}],"predecessor-version":[{"id":1857,"href":"https:\/\/mgapress.com.br\/blog\/wp-json\/wp\/v2\/posts\/1855\/revisions\/1857"}],"wp:featuredmedia":[{"embeddable":true,"href":"https:\/\/mgapress.com.br\/blog\/wp-json\/wp\/v2\/media\/1856"}],"wp:attachment":[{"href":"https:\/\/mgapress.com.br\/blog\/wp-json\/wp\/v2\/media?parent=1855"}],"wp:term":[{"taxonomy":"category","embeddable":true,"href":"https:\/\/mgapress.com.br\/blog\/wp-json\/wp\/v2\/categories?post=1855"},{"taxonomy":"post_tag","embeddable":true,"href":"https:\/\/mgapress.com.br\/blog\/wp-json\/wp\/v2\/tags?post=1855"}],"curies":[{"name":"wp","href":"https:\/\/api.w.org\/{rel}","templated":true}]}}